{"id":232,"date":"2022-08-06T12:45:45","date_gmt":"2022-08-06T12:45:45","guid":{"rendered":"https:\/\/www.siciliaconsumatori.it\/?p=232"},"modified":"2022-08-06T12:45:45","modified_gmt":"2022-08-06T12:45:45","slug":"arera-cambia-laggiornamento-mensile-del-costo-della-materia-prima-per-il-gas","status":"publish","type":"post","link":"https:\/\/www.siciliaconsumatori.it\/?p=232","title":{"rendered":"Arera cambia l\u2019aggiornamento mensile del costo della materia prima per il gas"},"content":{"rendered":"<p>L\u2019ulteriore crescita dei prezzi all\u2019ingrosso dell\u2019energia, legata al conflitto in Ucraina e alla riduzione dei flussi di gas praticata dalla Russia, ha portato l\u2019Autorit\u00e0 a introdurre misure a tutela dei consumatori. L\u2019incertezza ed i prezzi alti cambieranno il costo e la frequenza di aggiornamento del prezzo, che <strong>dal 1\u00b0 ottobre diventa mensile <\/strong>e non pi\u00f9 trimestrale.<\/p>\n<p>Una previsione delle tariffe su un intervallo mensile, <strong>non si presta a fungere da riferimento corretto per la stima dei costi di acquisto che i consumatori dovranno affrontare nel corso dell\u2019anno; <\/strong>bisogna, dunque, che continui il ruolo di Arera nella definizione dei prezzi, cos\u00ec dare maggiore stabilit\u00e0 al mercato.<\/p>\n<p>Il nuovo metodo, legato alla situazione di emergenza, sar\u00e0 in vigore <strong>fino al termine della tutela gas, ad oggi previsto a gennaio 2023<\/strong>, termine che \u00e8 stato chiesto pi\u00f9 volte venga allineato a quello del fine tutela elettrico, previsto per gennaio 2024. Inoltre \u00e8 stato deciso di non utilizzare pi\u00f9 come riferimento le quotazioni a termine del mercato all\u2019ingrosso, ma la media dei prezzi effettivi del mercato all\u2019ingrosso PSV italiano.<\/p>\n<p>Il valore della componente materia prima per la tutela gas, verr\u00e0 pubblicato sul sito dell\u2019Autorit\u00e0 all\u2019inizio di ogni mese successivo al mese di riferimento. In caso di necessit\u00e0 di ricalcolo dei prezzi rispetto a quanto fatturato, i venditori dovranno darne opportuna <strong>informazione in bolletta, <\/strong>ma anche creare un\u2019apposita sezione sul proprio sito internet per spiegare, in maniera chiara e comprensibile, il motivo del ricalcolo e la modalit\u00e0 di determinazione dei prezzi.<\/p>\n<p>L\u2019Autorit\u00e0 ha inoltre deciso di attivare <strong>un tavolo di lavoro emergenziale che vedr\u00e0 il pieno coinvolgimento delle Associazioni dei consumatori, <\/strong>che avr\u00e0 tra i primi compiti quello di definire ulteriori forme di comunicazione e informazione, per rendere l\u2019intero processo il pi\u00f9 trasparente ed efficace possibile.<\/p>\n","protected":false},"excerpt":{"rendered":"<p>L\u2019ulteriore crescita dei prezzi all\u2019ingrosso dell\u2019energia, legata al conflitto in Ucraina e alla riduzione dei flussi di gas praticata dalla Russia, ha portato l\u2019Autorit\u00e0 a introdurre misure a tutela dei consumatori. L\u2019incertezza ed i prezzi alti cambieranno il costo e la frequenza di aggiornamento del prezzo, che dal 1\u00b0 ottobre diventa mensile e non pi\u00f9 trimestrale. Una previsione delle tariffe su un intervallo mensile, non si presta a fungere da riferimento corretto per la stima dei costi di <a href=\"https:\/\/www.siciliaconsumatori.it\/?p=232\" class=\"read-more-link\">[altro&#8230;]<\/a><\/p>\n","protected":false},"author":1,"featured_media":233,"comment_status":"closed","ping_status":"open","sticky":false,"template":"","format":"standard","meta":{"_uag_custom_page_level_css":"","footnotes":"","_links_to":"","_links_to_target":""},"categories":[5],"tags":[],"class_list":["post-232","post","type-post","status-publish","format-standard","has-post-thumbnail","hentry","category-consumi"],"uagb_featured_image_src":{"full":["https:\/\/www.siciliaconsumatori.it\/wp-content\/uploads\/2022\/08\/consumo-gas.jpg",1000,702,false],"thumbnail":["https:\/\/www.siciliaconsumatori.it\/wp-content\/uploads\/2022\/08\/consumo-gas-150x150.jpg",150,150,true],"medium":["https:\/\/www.siciliaconsumatori.it\/wp-content\/uploads\/2022\/08\/consumo-gas-300x210.jpg",300,210,true],"medium_large":["https:\/\/www.siciliaconsumatori.it\/wp-content\/uploads\/2022\/08\/consumo-gas.jpg",640,449,false],"large":["https:\/\/www.siciliaconsumatori.it\/wp-content\/uploads\/2022\/08\/consumo-gas.jpg",640,449,false],"1536x1536":["https:\/\/www.siciliaconsumatori.it\/wp-content\/uploads\/2022\/08\/consumo-gas.jpg",1000,702,false],"2048x2048":["https:\/\/www.siciliaconsumatori.it\/wp-content\/uploads\/2022\/08\/consumo-gas.jpg",1000,702,false]},"uagb_author_info":{"display_name":"Siciliaconsumatori","author_link":"https:\/\/www.siciliaconsumatori.it\/?author=1"},"uagb_comment_info":0,"uagb_excerpt":"L\u2019ulteriore crescita dei prezzi all\u2019ingrosso dell\u2019energia, legata al conflitto in Ucraina e alla riduzione dei flussi di gas praticata dalla Russia, ha portato l\u2019Autorit\u00e0 a introdurre misure a tutela dei consumatori. L\u2019incertezza ed i prezzi alti cambieranno il costo e la frequenza di aggiornamento del prezzo, che dal 1\u00b0 ottobre diventa mensile e non pi\u00f9&hellip;","_links":{"self":[{"href":"https:\/\/www.siciliaconsumatori.it\/index.php?rest_route=\/wp\/v2\/posts\/232","targetHints":{"allow":["GET"]}}],"collection":[{"href":"https:\/\/www.siciliaconsumatori.it\/index.php?rest_route=\/wp\/v2\/posts"}],"about":[{"href":"https:\/\/www.siciliaconsumatori.it\/index.php?rest_route=\/wp\/v2\/types\/post"}],"author":[{"embeddable":true,"href":"https:\/\/www.siciliaconsumatori.it\/index.php?rest_route=\/wp\/v2\/users\/1"}],"replies":[{"embeddable":true,"href":"https:\/\/www.siciliaconsumatori.it\/index.php?rest_route=%2Fwp%2Fv2%2Fcomments&post=232"}],"version-history":[{"count":1,"href":"https:\/\/www.siciliaconsumatori.it\/index.php?rest_route=\/wp\/v2\/posts\/232\/revisions"}],"predecessor-version":[{"id":234,"href":"https:\/\/www.siciliaconsumatori.it\/index.php?rest_route=\/wp\/v2\/posts\/232\/revisions\/234"}],"wp:featuredmedia":[{"embeddable":true,"href":"https:\/\/www.siciliaconsumatori.it\/index.php?rest_route=\/wp\/v2\/media\/233"}],"wp:attachment":[{"href":"https:\/\/www.siciliaconsumatori.it\/index.php?rest_route=%2Fwp%2Fv2%2Fmedia&parent=232"}],"wp:term":[{"taxonomy":"category","embeddable":true,"href":"https:\/\/www.siciliaconsumatori.it\/index.php?rest_route=%2Fwp%2Fv2%2Fcategories&post=232"},{"taxonomy":"post_tag","embeddable":true,"href":"https:\/\/www.siciliaconsumatori.it\/index.php?rest_route=%2Fwp%2Fv2%2Ftags&post=232"}],"curies":[{"name":"wp","href":"https:\/\/api.w.org\/{rel}","templated":true}]}}