{"id":229,"date":"2022-08-03T11:09:39","date_gmt":"2022-08-03T11:09:39","guid":{"rendered":"https:\/\/www.siciliaconsumatori.it\/?p=229"},"modified":"2022-08-03T11:10:59","modified_gmt":"2022-08-03T11:10:59","slug":"comunicazione-orario-estivo-per-il-progetto-generazioni-allo-sportello","status":"publish","type":"post","link":"https:\/\/www.siciliaconsumatori.it\/?p=229","title":{"rendered":"Comunicazione orario estivo per il progetto \u201cGenerazioni allo Sportello\u201d"},"content":{"rendered":"<p>Con riferimento all\u2019intervento &#8220;Generazioni allo Sportello&#8221;, comunichiamo che le le Associazioni dei Consumatori partecipanti e di seguito elencate, osserveranno, per il mese di agosto, i seguenti orari e giorni di chiusura per sospensione estiva:<\/p>\n<p>&nbsp;<\/p>\n<p>&nbsp;<\/p>\n<h4>&#8211;\u00a0\u00a0\u00a0\u00a0\u00a0\u00a0\u00a0\u00a0 SICILIA CONSUMATORI PALERMO<strong><br \/>\n<\/strong>Dall\u2019 01\/08\/2022 al 05\/08\/2022 \u2026\u2026\u2026\u2026\u00a0 Apertura ordinaria<br \/>\nDall\u2019 08\/08\/2022 al 19\/08\/2022 \u2026\u2026\u2026\u2026. CHIUSURA SEDE<\/h4>\n<p>La segreteria riaprir\u00e0 regolarmente al pubblico dal 22\/08\/2022 secondo gli ordinari giorni e orari di apertura sportello (luned\u00ec \u2013 mercoled\u00ec \u2013 venerd\u00ec dalle ore 09:00 alle ore 13:00).<\/p>\n<h4><\/h4>\n<p>&nbsp;<\/p>\n<h4>&#8211;\u00a0\u00a0\u00a0\u00a0\u00a0\u00a0\u00a0\u00a0 <strong>UNIONE DEI CONSUMATORI TERMINI IMERESE<br \/>\n<\/strong>Dall\u2019 01\/08\/2022 al 05\/08\/2022\u2026\u2026\u2026\u2026 Apertura ordinaria<br \/>\nDall\u2019 08\/08\/2022 al 19\/08\/2022\u2026\u2026\u2026\u2026.Lun \u2013 mer -ven ore 15:30 &#8211; 19:00 e marted\u00ec e gioved\u00ec ore 09:00 &#8211; 13:00<br \/>\nGiorno 15\/08\/2022 \u2026\u2026\u2026\u2026\u2026\u2026\u2026\u2026.. CHIUSURA SEDE<\/h4>\n<p>La segreteria riaprir\u00e0 regolarmente al pubblico dal 22\/08\/2022 secondo gli ordinari giorni e orari di apertura sportello (dal luned\u00ec al venerd\u00ec dalle ore 09:00 alle ore 13:00 e dalle ore 15:30 alle ore 19:00).<\/p>\n<p>&nbsp;<\/p>\n<p>&nbsp;<\/p>\n<h4>&#8211;\u00a0\u00a0\u00a0\u00a0\u00a0\u00a0\u00a0\u00a0 <strong>KONSUMER AGRIGENTO<br \/>\n<\/strong>Dall\u2019 01\/08\/2022 al 05\/08\/2022 \u2026\u2026\u2026\u2026 Apertura ordinaria<br \/>\nDall\u2019 08\/08\/2022 al 19\/08\/2022 \u2026\u2026\u2026\u2026.CHIUSURA SEDE<\/h4>\n<p>La segreteria riaprir\u00e0 regolarmente al pubblico dal 22\/08\/2022 secondo gli ordinari giorni e orari di sportello (luned\u00ec, mercoled\u00ec e venerd\u00ec dalle ore 16:00 alle ore 20:00).<\/p>\n<p><strong>\u00a0<\/strong><\/p>\n<p><strong>\u00a0<\/strong><\/p>\n<h4>&#8211;\u00a0\u00a0\u00a0\u00a0\u00a0\u00a0\u00a0\u00a0 <strong>IL MELOGRANO PATTI<br \/>\n<\/strong>Dall\u2019 01\/08\/2022 al 04\/08\/2022 \u2026\u2026\u2026\u2026.. Apertura ordinaria<br \/>\nDal 05\/08\/2022 al 25\/08\/2022 \u2026\u2026\u2026\u2026.. CHIUSURA SEDE<\/h4>\n<p>La segreteria riaprir\u00e0 regolarmente al pubblico dal 26\/08\/2022 secondo gli ordinari giorni e orari di sportello ( luned\u00ec \u2013 gioved\u00ec ore 09:00 \u2013 12:30\/15:00 \u2013 18:30; venerd\u00ec ore 09:00 \u2013 12:30).<\/p>\n","protected":false},"excerpt":{"rendered":"<p>Con riferimento all\u2019intervento &#8220;Generazioni allo Sportello&#8221;, comunichiamo che le le Associazioni dei Consumatori partecipanti e di seguito elencate, osserveranno, per il mese di agosto, i seguenti orari e giorni di chiusura per sospensione estiva: &nbsp; &nbsp; &#8211;\u00a0\u00a0\u00a0\u00a0\u00a0\u00a0\u00a0\u00a0 SICILIA CONSUMATORI PALERMO Dall\u2019 01\/08\/2022 al 05\/08\/2022 \u2026\u2026\u2026\u2026\u00a0 Apertura ordinaria Dall\u2019 08\/08\/2022 al 19\/08\/2022 \u2026\u2026\u2026\u2026. CHIUSURA SEDE La segreteria riaprir\u00e0 regolarmente al pubblico dal 22\/08\/2022 secondo gli ordinari giorni e orari di apertura sportello (luned\u00ec \u2013 mercoled\u00ec \u2013 venerd\u00ec dalle ore <a href=\"https:\/\/www.siciliaconsumatori.it\/?p=229\" class=\"read-more-link\">[altro&#8230;]<\/a><\/p>\n","protected":false},"author":1,"featured_media":221,"comment_status":"closed","ping_status":"open","sticky":false,"template":"","format":"standard","meta":{"_uag_custom_page_level_css":"","footnotes":"","_links_to":"","_links_to_target":""},"categories":[3],"tags":[],"class_list":["post-229","post","type-post","status-publish","format-standard","has-post-thumbnail","hentry","category-comunicazioni"],"uagb_featured_image_src":{"full":["https:\/\/www.siciliaconsumatori.it\/wp-content\/uploads\/2022\/06\/generazioni-box.png",600,503,false],"thumbnail":["https:\/\/www.siciliaconsumatori.it\/wp-content\/uploads\/2022\/06\/generazioni-box-150x150.png",150,150,true],"medium":["https:\/\/www.siciliaconsumatori.it\/wp-content\/uploads\/2022\/06\/generazioni-box-300x251.png",300,251,true],"medium_large":["https:\/\/www.siciliaconsumatori.it\/wp-content\/uploads\/2022\/06\/generazioni-box.png",600,503,false],"large":["https:\/\/www.siciliaconsumatori.it\/wp-content\/uploads\/2022\/06\/generazioni-box.png",600,503,false],"1536x1536":["https:\/\/www.siciliaconsumatori.it\/wp-content\/uploads\/2022\/06\/generazioni-box.png",600,503,false],"2048x2048":["https:\/\/www.siciliaconsumatori.it\/wp-content\/uploads\/2022\/06\/generazioni-box.png",600,503,false]},"uagb_author_info":{"display_name":"Siciliaconsumatori","author_link":"https:\/\/www.siciliaconsumatori.it\/?author=1"},"uagb_comment_info":0,"uagb_excerpt":"Con riferimento all\u2019intervento &#8220;Generazioni allo Sportello&#8221;, comunichiamo che le le Associazioni dei Consumatori partecipanti e di seguito elencate, osserveranno, per il mese di agosto, i seguenti orari e giorni di chiusura per sospensione estiva: &nbsp; &nbsp; &#8211;\u00a0\u00a0\u00a0\u00a0\u00a0\u00a0\u00a0\u00a0 SICILIA CONSUMATORI PALERMO Dall\u2019 01\/08\/2022 al 05\/08\/2022 \u2026\u2026\u2026\u2026\u00a0 Apertura ordinaria Dall\u2019 08\/08\/2022 al 19\/08\/2022 \u2026\u2026\u2026\u2026. CHIUSURA SEDE La&hellip;","_links":{"self":[{"href":"https:\/\/www.siciliaconsumatori.it\/index.php?rest_route=\/wp\/v2\/posts\/229","targetHints":{"allow":["GET"]}}],"collection":[{"href":"https:\/\/www.siciliaconsumatori.it\/index.php?rest_route=\/wp\/v2\/posts"}],"about":[{"href":"https:\/\/www.siciliaconsumatori.it\/index.php?rest_route=\/wp\/v2\/types\/post"}],"author":[{"embeddable":true,"href":"https:\/\/www.siciliaconsumatori.it\/index.php?rest_route=\/wp\/v2\/users\/1"}],"replies":[{"embeddable":true,"href":"https:\/\/www.siciliaconsumatori.it\/index.php?rest_route=%2Fwp%2Fv2%2Fcomments&post=229"}],"version-history":[{"count":2,"href":"https:\/\/www.siciliaconsumatori.it\/index.php?rest_route=\/wp\/v2\/posts\/229\/revisions"}],"predecessor-version":[{"id":231,"href":"https:\/\/www.siciliaconsumatori.it\/index.php?rest_route=\/wp\/v2\/posts\/229\/revisions\/231"}],"wp:featuredmedia":[{"embeddable":true,"href":"https:\/\/www.siciliaconsumatori.it\/index.php?rest_route=\/wp\/v2\/media\/221"}],"wp:attachment":[{"href":"https:\/\/www.siciliaconsumatori.it\/index.php?rest_route=%2Fwp%2Fv2%2Fmedia&parent=229"}],"wp:term":[{"taxonomy":"category","embeddable":true,"href":"https:\/\/www.siciliaconsumatori.it\/index.php?rest_route=%2Fwp%2Fv2%2Fcategories&post=229"},{"taxonomy":"post_tag","embeddable":true,"href":"https:\/\/www.siciliaconsumatori.it\/index.php?rest_route=%2Fwp%2Fv2%2Ftags&post=229"}],"curies":[{"name":"wp","href":"https:\/\/api.w.org\/{rel}","templated":true}]}}